{"id":762,"date":"2022-07-17T17:06:15","date_gmt":"2022-07-17T17:06:15","guid":{"rendered":"https:\/\/eb23pegoes.edu.pt\/wp\/?p=762"},"modified":"2023-04-27T12:02:45","modified_gmt":"2023-04-27T12:02:45","slug":"erasmus-tolerance-in-sports-san-severo-italia","status":"publish","type":"post","link":"https:\/\/eb23pegoes.edu.pt\/wp\/2022\/07\/17\/erasmus-tolerance-in-sports-san-severo-italia\/","title":{"rendered":"Erasmus +  \u201cTolerance in Sports\u201d &#8211; San Severo &#8211; It\u00e1lia"},"content":{"rendered":"\n\n\n<figure class=\"wp-block-image\"><img decoding=\"async\" src=\"http:\/\/eb23pegoes.edu.pt\/images\/Logo_agncia_nacional_Erasmus-2.jpg\" alt=\"\"><\/figure>\n\n\n\n<figure class=\"wp-block-image\"><img decoding=\"async\" src=\"http:\/\/eb23pegoes.edu.pt\/images\/a67f8b00-e15b-4a54-91c5-d2c2e4aa0983.png\" alt=\"\"><\/figure>\n\n\n\n<figure class=\"wp-block-image\"><img decoding=\"async\" src=\"http:\/\/eb23pegoes.edu.pt\/images\/Tolerance_in_Sports_2.png\" alt=\"\"><\/figure>\n\n\n\n<figure class=\"wp-block-image\"><img decoding=\"async\" src=\"http:\/\/eb23pegoes.edu.pt\/images\/Erasmus_Logo.jpg\" alt=\"\"><\/figure>\n\n\n\n<p>Projeto Erasmus+&nbsp; na nossa Escola!<\/p>\n\n\n\n<p><strong><u>It\u00e1lia foi nossa anfitri\u00e3<\/u><\/strong><\/p>\n\n\n\n<p>&nbsp; &nbsp; &nbsp; &nbsp; Na semana de 31 de janeiro a 05 de fevereiro de 2022, o \u201cIstituto Secondario 1\u00ba Grado- \u201cPetrarca- Padre Pio\u201d em San Severo, acolheu-nos calorosamente, assim como aos nossos parceiros malteses, lituanos e polacos.<\/p>\n\n\n\n<p>&nbsp; &nbsp; &nbsp; &nbsp;Os alunos Daniel Ferreira, Manuel Sim\u00f5es, Maria Afonso, Patr\u00edcia Pessoa, Salvador Bai\u00e3o e Sofia Russo, do 9\u00ba ano, representaram muito bem a nossa escola, participando de forma entusi\u00e1stica e colaborativa nas v\u00e1rias atividades. O professor Marco Antunes e a professora Mavilde Albino foram os guardi\u00e3es desta aventura!<\/p>\n\n\n\n<p>&nbsp; &nbsp; &nbsp; &nbsp;Viajamos pelo centro hist\u00f3rico de San Severo, bonita cidade situada na regi\u00e3o de Ap\u00falia, prov\u00edncia de Foggia.<\/p>\n\n\n\n<p>&nbsp; &nbsp; &nbsp; Conhecemos Matera, a cidade hist\u00f3rica que encantou Mel Gibson para gravar a \u201cPaix\u00e3o de Cristo\u201d. \u00c9 um dos locais mais antigos do mundo habitado pelo homem e ainda preservado. Nessa \u00e9poca, os habitantes moravam, ou melhor, abrigavam-se em grutas e cavernas esculpidas nas rochas &#8211; chamadas de \u201csassi\u201d que significa \u201cpedras\u201d em italiano.<\/p>\n\n\n\n<p>&nbsp; &nbsp; &nbsp; &nbsp;Estivemos em sintonia com a natureza\u2026<\/p>\n\n\n\n<p>Visit\u00e1mos o Monte Sant\u2019Angelo e o seu castelo. As casinhas brancas, becos decorados, lojas de artesanato e padarias fizeram as del\u00edcias! Caminhar pela via Giuseppe Garibaldi foi encantador. Cada cantinho pareceu-nos um cart\u00e3o postal! Neste lugar religioso, a principal atra\u00e7\u00e3o \u00e9 o Santu\u00e1rio de S\u00e3o Miguel Arcanjo, fundado no final do s\u00e9culo V. Estivemos na gruta sagrada!<\/p>\n\n\n\n<p>&nbsp; &nbsp; &nbsp; &nbsp;T\u00e3o perto o mar Adri\u00e1tico\u2026&nbsp; \u00c9 deslumbrante a vista do golfo da Manfred\u00f3nia!<\/p>\n\n\n\n<p>&nbsp; &nbsp; &nbsp; &nbsp;Por fim, ainda houve tempo para ir \u00e0 cidade de Roma. Uma aula de Hist\u00f3ria ao vivo. O Coliseu ali t\u00e3o perto! E como n\u00e3o podia deixar de ser\u2026 ficamos deslumbrados com a majestosa Fonte de Trevi!<\/p>\n\n\n\n<p>&nbsp; &nbsp; &nbsp; Foi uma semana inesquec\u00edvel! O esp\u00edrito de equipa esteve sempre presente e fomos mais fortes que o coronav\u00edrus! Regressamos de cora\u00e7\u00e3o cheio, refor\u00e7ando o valor da toler\u00e2ncia e a identidade europeia comum.<\/p>\n\n\n\n<p>A todos o nosso muito obrigado!&nbsp;<\/p>\n\n\n\n<p>Os &#8220;Erasmistas&#8221;<\/p>\n\n\n\n<figure class=\"wp-block-image\"><img decoding=\"async\" src=\"blob:http:\/\/eb23pegoes.edu.pt\/45f3af37-e9b2-44fa-b6e3-d7c146985c7a\" alt=\"\"><\/figure>\n\n\n\n<figure class=\"wp-block-image\"><img decoding=\"async\" src=\"http:\/\/eb23pegoes.edu.pt\/images\/WhatsApp_Image_2022-02-18_at_102050_7.jpeg\" alt=\"\"><br><\/figure>\n\n\n\n<figure class=\"wp-block-image\"><br><\/figure>\n\n\n\n<figure class=\"wp-block-image\"><br><\/figure>\n\n\n","protected":false},"excerpt":{"rendered":"","protected":false},"author":1,"featured_media":0,"comment_status":"closed","ping_status":"closed","sticky":false,"template":"","format":"standard","meta":{"footnotes":""},"categories":[21],"tags":[],"class_list":["post-762","post","type-post","status-publish","format-standard","hentry","category-tolerance_in_sports"],"gutentor_comment":0,"_links":{"self":[{"href":"https:\/\/eb23pegoes.edu.pt\/wp\/wp-json\/wp\/v2\/posts\/762","targetHints":{"allow":["GET"]}}],"collection":[{"href":"https:\/\/eb23pegoes.edu.pt\/wp\/wp-json\/wp\/v2\/posts"}],"about":[{"href":"https:\/\/eb23pegoes.edu.pt\/wp\/wp-json\/wp\/v2\/types\/post"}],"author":[{"embeddable":true,"href":"https:\/\/eb23pegoes.edu.pt\/wp\/wp-json\/wp\/v2\/users\/1"}],"replies":[{"embeddable":true,"href":"https:\/\/eb23pegoes.edu.pt\/wp\/wp-json\/wp\/v2\/comments?post=762"}],"version-history":[{"count":2,"href":"https:\/\/eb23pegoes.edu.pt\/wp\/wp-json\/wp\/v2\/posts\/762\/revisions"}],"predecessor-version":[{"id":1059,"href":"https:\/\/eb23pegoes.edu.pt\/wp\/wp-json\/wp\/v2\/posts\/762\/revisions\/1059"}],"wp:attachment":[{"href":"https:\/\/eb23pegoes.edu.pt\/wp\/wp-json\/wp\/v2\/media?parent=762"}],"wp:term":[{"taxonomy":"category","embeddable":true,"href":"https:\/\/eb23pegoes.edu.pt\/wp\/wp-json\/wp\/v2\/categories?post=762"},{"taxonomy":"post_tag","embeddable":true,"href":"https:\/\/eb23pegoes.edu.pt\/wp\/wp-json\/wp\/v2\/tags?post=762"}],"curies":[{"name":"wp","href":"https:\/\/api.w.org\/{rel}","templated":true}]}}